{"id":856,"date":"2016-02-14T13:18:14","date_gmt":"2016-02-14T12:18:14","guid":{"rendered":"http:\/\/ccelaforadada.cat\/blog\/?p=856"},"modified":"2016-02-14T13:20:20","modified_gmt":"2016-02-14T12:20:20","slug":"sortida-hivernal-2016","status":"publish","type":"post","link":"http:\/\/ccelaforadada.cat\/blog\/sortida-hivernal-2016\/","title":{"rendered":"Sortida hivernal 2016"},"content":{"rendered":"<p>Ja estem preparant la sortida hivernal per als dies 12 i 13 de mar\u00e7 2016.<br \/>\nEn l&#8217;apartat <a title=\"Sortida hivernal 2016\" href=\"http:\/\/ccelaforadada.cat\/blog\/wp-content\/uploads\/Sortida-hivernal-2016.pdf\" target=\"_blank\">Activitats<\/a> hi trobareu m\u00e9s informaci\u00f3.<\/p>\n","protected":false},"excerpt":{"rendered":"<p>Ja estem preparant la sortida hivernal per als dies 12 i 13 de mar\u00e7 2016. En l&#8217;apartat Activitats hi trobareu m\u00e9s informaci\u00f3.<\/p>\n","protected":false},"author":1,"featured_media":0,"comment_status":"open","ping_status":"open","sticky":false,"template":"","format":"standard","meta":{"footnotes":""},"categories":[10],"tags":[],"class_list":["post-856","post","type-post","status-publish","format-standard","hentry","category-sortides-ccef"],"_links":{"self":[{"href":"http:\/\/ccelaforadada.cat\/blog\/wp-json\/wp\/v2\/posts\/856","targetHints":{"allow":["GET"]}}],"collection":[{"href":"http:\/\/ccelaforadada.cat\/blog\/wp-json\/wp\/v2\/posts"}],"about":[{"href":"http:\/\/ccelaforadada.cat\/blog\/wp-json\/wp\/v2\/types\/post"}],"author":[{"embeddable":true,"href":"http:\/\/ccelaforadada.cat\/blog\/wp-json\/wp\/v2\/users\/1"}],"replies":[{"embeddable":true,"href":"http:\/\/ccelaforadada.cat\/blog\/wp-json\/wp\/v2\/comments?post=856"}],"version-history":[{"count":3,"href":"http:\/\/ccelaforadada.cat\/blog\/wp-json\/wp\/v2\/posts\/856\/revisions"}],"predecessor-version":[{"id":859,"href":"http:\/\/ccelaforadada.cat\/blog\/wp-json\/wp\/v2\/posts\/856\/revisions\/859"}],"wp:attachment":[{"href":"http:\/\/ccelaforadada.cat\/blog\/wp-json\/wp\/v2\/media?parent=856"}],"wp:term":[{"taxonomy":"category","embeddable":true,"href":"http:\/\/ccelaforadada.cat\/blog\/wp-json\/wp\/v2\/categories?post=856"},{"taxonomy":"post_tag","embeddable":true,"href":"http:\/\/ccelaforadada.cat\/blog\/wp-json\/wp\/v2\/tags?post=856"}],"curies":[{"name":"wp","href":"https:\/\/api.w.org\/{rel}","templated":true}]}}